{"id":1362,"date":"2020-09-27T07:01:39","date_gmt":"2020-09-27T07:01:39","guid":{"rendered":"http:\/\/stephan-live.de\/?p=1362"},"modified":"2020-09-27T08:33:27","modified_gmt":"2020-09-27T08:33:27","slug":"hdh-demo-2020-09-26-corona-kundgebung-heidenheim","status":"publish","type":"post","link":"http:\/\/stephan-live.de\/?p=1362","title":{"rendered":"HDH Demo 2020-09-26 Corona Kundgebung Heidenheim"},"content":{"rendered":"<p><iframe loading=\"lazy\" title=\"HDH Demo 2020-09-26 Corona Kundgebung Heidenheim\" width=\"525\" height=\"295\" src=\"https:\/\/www.youtube.com\/embed\/L3in88JuN_U?feature=oembed\" frameborder=\"0\" allow=\"accelerometer; autoplay; clipboard-write; encrypted-media; gyroscope; picture-in-picture\" allowfullscreen><\/iframe><\/p>\n<p><strong>Rednerbeitr\u00e4ge:<\/strong><\/p>\n<p><strong>Daniel Re:<\/strong><br \/>\nErziehung, Wirtschaft, Sch\u00fcler und Institutionen in Zeiten von Corona.<\/p>\n<p><strong>Lydia Keck, Erzieherin, P\u00e4dagogin f\u00fcr fr\u00fchkindliche Bildung und Musik und Klangtherapeutin:<\/strong><br \/>\nVon den Wirkungen der Corona Ma\u00dfnahmen auf die P\u00e4dagogik<br \/>\nund die Kinder.<\/p>\n<p><strong>Verein, Eltern f\u00fcr Aufkl\u00e4rung:<\/strong><br \/>\nRechtliche Lage der Maskenpflicht an Schulen.<\/p>\n<p><strong>Offenes Podium: <\/strong><br \/>\nVerschiedene Wortmeldungen der Demo Besucher.<\/p>\n<p><strong>Timo:<\/strong><br \/>\nDie Folgen von Corona auf das Bildungssystem (Digitalisierung,<br \/>\nKommerzialisierung und Anonymisierung); was bedeutet<br \/>\ndemgegen\u00fcber \u201enat\u00fcrliches Lernen?<\/p>\n<p><strong>Dr. med. Jens Edrich:<\/strong><br \/>\nCorona,<br \/>\ndie Kr\u00f6nung der Fremdbestimmung oder Chancen f\u00fcr eine bessere<br \/>\nSelbstbestimmung?<\/p>\n<p>Quelle:\u00a0 <a class=\"yt-simple-endpoint style-scope yt-formatted-string\" dir=\"auto\" spellcheck=\"false\" href=\"https:\/\/www.youtube.com\/channel\/UCUv_2GcySoOt8OFfeyapcnw\">stephan-live<\/a><\/p>\n<p>&nbsp;<\/p>\n","protected":false},"excerpt":{"rendered":"<p>Rednerbeitr\u00e4ge: Daniel Re: Erziehung, Wirtschaft, Sch\u00fcler und Institutionen in Zeiten von Corona. Lydia Keck, Erzieherin, P\u00e4dagogin f\u00fcr fr\u00fchkindliche Bildung und Musik und Klangtherapeutin: Von den Wirkungen der Corona Ma\u00dfnahmen auf die P\u00e4dagogik und die Kinder. Verein, Eltern f\u00fcr Aufkl\u00e4rung: Rechtliche Lage der Maskenpflicht an Schulen. Offenes Podium: Verschiedene Wortmeldungen der Demo Besucher. Timo: Die Folgen &hellip; <\/p>\n<p class=\"link-more\"><a href=\"http:\/\/stephan-live.de\/?p=1362\" class=\"more-link\"><span class=\"screen-reader-text\">\u201eHDH Demo 2020-09-26 Corona Kundgebung Heidenheim\u201c<\/span> weiterlesen<\/a><\/p>\n","protected":false},"author":1,"featured_media":0,"comment_status":"closed","ping_status":"open","sticky":false,"template":"","format":"standard","meta":[],"categories":[6,1],"tags":[],"_links":{"self":[{"href":"http:\/\/stephan-live.de\/index.php?rest_route=\/wp\/v2\/posts\/1362"}],"collection":[{"href":"http:\/\/stephan-live.de\/index.php?rest_route=\/wp\/v2\/posts"}],"about":[{"href":"http:\/\/stephan-live.de\/index.php?rest_route=\/wp\/v2\/types\/post"}],"author":[{"embeddable":true,"href":"http:\/\/stephan-live.de\/index.php?rest_route=\/wp\/v2\/users\/1"}],"replies":[{"embeddable":true,"href":"http:\/\/stephan-live.de\/index.php?rest_route=%2Fwp%2Fv2%2Fcomments&post=1362"}],"version-history":[{"count":4,"href":"http:\/\/stephan-live.de\/index.php?rest_route=\/wp\/v2\/posts\/1362\/revisions"}],"predecessor-version":[{"id":1368,"href":"http:\/\/stephan-live.de\/index.php?rest_route=\/wp\/v2\/posts\/1362\/revisions\/1368"}],"wp:attachment":[{"href":"http:\/\/stephan-live.de\/index.php?rest_route=%2Fwp%2Fv2%2Fmedia&parent=1362"}],"wp:term":[{"taxonomy":"category","embeddable":true,"href":"http:\/\/stephan-live.de\/index.php?rest_route=%2Fwp%2Fv2%2Fcategories&post=1362"},{"taxonomy":"post_tag","embeddable":true,"href":"http:\/\/stephan-live.de\/index.php?rest_route=%2Fwp%2Fv2%2Ftags&post=1362"}],"curies":[{"name":"wp","href":"https:\/\/api.w.org\/{rel}","templated":true}]}}