{"id":1507,"date":"2020-10-27T19:23:59","date_gmt":"2020-10-27T19:23:59","guid":{"rendered":"http:\/\/stephan-live.de\/?p=1507"},"modified":"2020-10-28T22:25:06","modified_gmt":"2020-10-28T22:25:06","slug":"de-sensation-stefan-brackmann-meldet-versammlung-ab-01-01-2021-fuer-ganz-deutschland-unbegrenzt","status":"publish","type":"post","link":"http:\/\/stephan-live.de\/?p=1507","title":{"rendered":"DE: SENSATION &#8211; Stefan Brackmann meldet Versammlung ab 01.01.2021 f\u00fcr ganz Deutschland (unbegrenzt!)"},"content":{"rendered":"<p><iframe loading=\"lazy\" title=\"DE: SENSATION - Stefan Brackmann meldet Versammlung ab 01.01.2021 f\u00fcr ganz Deutschland (unbegrenzt!)\" width=\"525\" height=\"295\" src=\"https:\/\/www.youtube.com\/embed\/hH0mrZH7yWg?feature=oembed\" frameborder=\"0\" allow=\"accelerometer; autoplay; clipboard-write; encrypted-media; gyroscope; picture-in-picture\" allowfullscreen><\/iframe><\/p>\n<p><span class=\"style-scope yt-formatted-string\" dir=\"auto\"><strong>SENSATIONSMELDUNG:<\/strong> Stefan Brackmann (Duisburg) meldet <strong>ab 01.01.2021 um <\/strong><\/span><strong><a class=\"yt-simple-endpoint style-scope yt-formatted-string\" dir=\"auto\" spellcheck=\"false\" href=\"https:\/\/www.youtube.com\/watch?v=hH0mrZH7yWg&amp;t=61s\">01:01<\/a><span class=\"style-scope yt-formatted-string\" dir=\"auto\"> Uhr eine dauerhafte Versammlung in ganz Deutschland <\/span><\/strong><span class=\"style-scope yt-formatted-string\" dir=\"auto\">an.<\/span><\/p>\n<p><strong><span class=\"style-scope yt-formatted-string\" dir=\"auto\">Versammlungsgebiet: das ganze Land Versammlungsteilnehmer: <\/span><span class=\"style-scope yt-formatted-string\" dir=\"auto\" style=\"font-size: 1rem;\">a<\/span><span class=\"style-scope yt-formatted-string\" dir=\"auto\" style=\"font-size: 1rem;\">lle Einwohner Versammlungsdauer: unbegrenzt<\/span><\/strong><\/p>\n<p><span class=\"style-scope yt-formatted-string\" dir=\"auto\"><strong>Sollte die Versammlung rechtlich nicht zustande kommen, tritt automatisch Grundgesetz \u00a720 Abs 4 in Kraft (der Souver\u00e4n \u00fcbernimmt die Herrschaft \u00fcber das Land).<\/strong> Stefan Brackmann, Alexander Ehrlich und Dr. Michael Brunner (Anw\u00e4lte f\u00fcr Aufkl\u00e4rung in \u00d6sterreich) unterhalten sich \u00fcber die Idee und ihre Bedeutung. <\/span><\/p>\n<p><span class=\"style-scope yt-formatted-string\" dir=\"auto\">Mehr dar\u00fcber erfahrt ihr am 31.10.2020 bei der <\/span><a class=\"yt-simple-endpoint style-scope yt-formatted-string\" dir=\"auto\" spellcheck=\"false\" href=\"https:\/\/www.youtube.com\/results?search_query=%23hellowien\">#hellowien<\/a><span class=\"style-scope yt-formatted-string\" dir=\"auto\"> Demo am Wiener Heldenplatz: sowohl Stefan Brackmann als auch Dr. Michael Brunner werden als Redner dabei sein! <\/span><a class=\"yt-simple-endpoint style-scope yt-formatted-string\" dir=\"auto\" spellcheck=\"false\" href=\"https:\/\/www.youtube.com\/redirect?q=https%3A%2F%2Fwww.hellowien.eu%2F&amp;event=video_description&amp;redir_token=QUFFLUhqbXltWnliS1RKUGNGVjRRTmFFbVFEdVh5R1ltUXxBQ3Jtc0ttcDh1d0RaOVJVdHcwSEFJMVhiZi1oN0Z2a011X0hydTVEYnBkODdfemVINHZBNGRnbGJ2Mk0tUTJJQ0w1ZVJuUjFTT2F2dHJ0QTFBcEtYRnJtMTZuTTAyZG50YUV3T2lzM2ZDaEpYcnA5SGFtam1USQ%3D%3D&amp;v=hH0mrZH7yWg\" target=\"_blank\" rel=\"nofollow noopener noreferrer\">https:\/\/www.hellowien.eu\/<\/a><\/p>\n<div>\n<div id=\"0DE9E47C-871A-4F90-8440-B190C216800A_1\" class=\"mcafee_unknown\"><\/div>\n<\/div>\n<p>Quelle:\u00a0 \u00a0 <a class=\"yt-simple-endpoint style-scope yt-formatted-string\" dir=\"auto\" spellcheck=\"false\" href=\"https:\/\/www.youtube.com\/channel\/UChMYaZpqH6KIIWQ4PMkFQuQ\">#honkforhope Honk for Hope<\/a><\/p>\n<p>&nbsp;<\/p>\n","protected":false},"excerpt":{"rendered":"<p>SENSATIONSMELDUNG: Stefan Brackmann (Duisburg) meldet ab 01.01.2021 um 01:01 Uhr eine dauerhafte Versammlung in ganz Deutschland an. Versammlungsgebiet: das ganze Land Versammlungsteilnehmer: alle Einwohner Versammlungsdauer: unbegrenzt Sollte die Versammlung rechtlich nicht zustande kommen, tritt automatisch Grundgesetz \u00a720 Abs 4 in Kraft (der Souver\u00e4n \u00fcbernimmt die Herrschaft \u00fcber das Land). Stefan Brackmann, Alexander Ehrlich und Dr. &hellip; <\/p>\n<p class=\"link-more\"><a href=\"http:\/\/stephan-live.de\/?p=1507\" class=\"more-link\"><span class=\"screen-reader-text\">\u201eDE: SENSATION &#8211; Stefan Brackmann meldet Versammlung ab 01.01.2021 f\u00fcr ganz Deutschland (unbegrenzt!)\u201c<\/span> weiterlesen<\/a><\/p>\n","protected":false},"author":1,"featured_media":0,"comment_status":"closed","ping_status":"open","sticky":false,"template":"","format":"standard","meta":[],"categories":[8,1],"tags":[],"_links":{"self":[{"href":"http:\/\/stephan-live.de\/index.php?rest_route=\/wp\/v2\/posts\/1507"}],"collection":[{"href":"http:\/\/stephan-live.de\/index.php?rest_route=\/wp\/v2\/posts"}],"about":[{"href":"http:\/\/stephan-live.de\/index.php?rest_route=\/wp\/v2\/types\/post"}],"author":[{"embeddable":true,"href":"http:\/\/stephan-live.de\/index.php?rest_route=\/wp\/v2\/users\/1"}],"replies":[{"embeddable":true,"href":"http:\/\/stephan-live.de\/index.php?rest_route=%2Fwp%2Fv2%2Fcomments&post=1507"}],"version-history":[{"count":1,"href":"http:\/\/stephan-live.de\/index.php?rest_route=\/wp\/v2\/posts\/1507\/revisions"}],"predecessor-version":[{"id":1508,"href":"http:\/\/stephan-live.de\/index.php?rest_route=\/wp\/v2\/posts\/1507\/revisions\/1508"}],"wp:attachment":[{"href":"http:\/\/stephan-live.de\/index.php?rest_route=%2Fwp%2Fv2%2Fmedia&parent=1507"}],"wp:term":[{"taxonomy":"category","embeddable":true,"href":"http:\/\/stephan-live.de\/index.php?rest_route=%2Fwp%2Fv2%2Fcategories&post=1507"},{"taxonomy":"post_tag","embeddable":true,"href":"http:\/\/stephan-live.de\/index.php?rest_route=%2Fwp%2Fv2%2Ftags&post=1507"}],"curies":[{"name":"wp","href":"https:\/\/api.w.org\/{rel}","templated":true}]}}