{"id":1680,"date":"2020-11-28T20:32:37","date_gmt":"2020-11-28T20:32:37","guid":{"rendered":"http:\/\/stephan-live.de\/?p=1680"},"modified":"2020-11-30T14:15:54","modified_gmt":"2020-11-30T14:15:54","slug":"kundgebung-aalen-2020-11-28-gemeinsam-sind-wir-stark-2","status":"publish","type":"post","link":"http:\/\/stephan-live.de\/?p=1680","title":{"rendered":"Gro\u00dfdemo Aalen 2020-11-28 | Gemeinsam sind wir stark"},"content":{"rendered":"<p>Gro\u00dfdemo von Aalener und Heidenheimer B\u00fcrger<\/p>\n<p>Redner:<br \/>\n&#8211; Dr. Edrich, Heidenheim<br \/>\n&#8211; Winfried Kessler, Ulm<br \/>\n&#8211; RA Markus Hainz, Ulm<br \/>\n&#8211; Wolfgang Greulich, Sprecher Corona-Info-Tour<br \/>\n&#8211; Roger, BittelTV<\/p>\n<p><iframe loading=\"lazy\" title=\"Gro\u00dfdemo Aalen 2020-11-28 | Part 1, Demo Zug gemeinsam sind wir stark\" width=\"525\" height=\"295\" src=\"https:\/\/www.youtube.com\/embed\/eEJGxXbaK3k?feature=oembed\" frameborder=\"0\" allow=\"accelerometer; autoplay; clipboard-write; encrypted-media; gyroscope; picture-in-picture\" allowfullscreen><\/iframe><\/p>\n<p><iframe loading=\"lazy\" title=\"Gro\u00dfdemo Aalen 2020-11-28 | Part 2, Kundgebung gemeinsam sind wir stark\" width=\"525\" height=\"295\" src=\"https:\/\/www.youtube.com\/embed\/gSJijwgwxI0?feature=oembed\" frameborder=\"0\" allow=\"accelerometer; autoplay; clipboard-write; encrypted-media; gyroscope; picture-in-picture\" allowfullscreen><\/iframe><\/p>\n<p>Quelle:\u00a0 <a class=\"yt-simple-endpoint style-scope yt-formatted-string\" dir=\"auto\" spellcheck=\"false\" href=\"https:\/\/www.youtube.com\/channel\/UCUv_2GcySoOt8OFfeyapcnw\">stephan-live<\/a><\/p>\n<p>&nbsp;<\/p>\n","protected":false},"excerpt":{"rendered":"<p>Gro\u00dfdemo von Aalener und Heidenheimer B\u00fcrger Redner: &#8211; Dr. Edrich, Heidenheim &#8211; Winfried Kessler, Ulm &#8211; RA Markus Hainz, Ulm &#8211; Wolfgang Greulich, Sprecher Corona-Info-Tour &#8211; Roger, BittelTV Quelle:\u00a0 stephan-live &nbsp;<\/p>\n","protected":false},"author":1,"featured_media":0,"comment_status":"closed","ping_status":"open","sticky":false,"template":"","format":"standard","meta":[],"categories":[10,6,1],"tags":[],"_links":{"self":[{"href":"http:\/\/stephan-live.de\/index.php?rest_route=\/wp\/v2\/posts\/1680"}],"collection":[{"href":"http:\/\/stephan-live.de\/index.php?rest_route=\/wp\/v2\/posts"}],"about":[{"href":"http:\/\/stephan-live.de\/index.php?rest_route=\/wp\/v2\/types\/post"}],"author":[{"embeddable":true,"href":"http:\/\/stephan-live.de\/index.php?rest_route=\/wp\/v2\/users\/1"}],"replies":[{"embeddable":true,"href":"http:\/\/stephan-live.de\/index.php?rest_route=%2Fwp%2Fv2%2Fcomments&post=1680"}],"version-history":[{"count":7,"href":"http:\/\/stephan-live.de\/index.php?rest_route=\/wp\/v2\/posts\/1680\/revisions"}],"predecessor-version":[{"id":1687,"href":"http:\/\/stephan-live.de\/index.php?rest_route=\/wp\/v2\/posts\/1680\/revisions\/1687"}],"wp:attachment":[{"href":"http:\/\/stephan-live.de\/index.php?rest_route=%2Fwp%2Fv2%2Fmedia&parent=1680"}],"wp:term":[{"taxonomy":"category","embeddable":true,"href":"http:\/\/stephan-live.de\/index.php?rest_route=%2Fwp%2Fv2%2Fcategories&post=1680"},{"taxonomy":"post_tag","embeddable":true,"href":"http:\/\/stephan-live.de\/index.php?rest_route=%2Fwp%2Fv2%2Ftags&post=1680"}],"curies":[{"name":"wp","href":"https:\/\/api.w.org\/{rel}","templated":true}]}}