{"id":170,"date":"2020-06-07T10:03:31","date_gmt":"2020-06-07T10:03:31","guid":{"rendered":"http:\/\/stephan-live.de\/?p=170"},"modified":"2020-09-14T21:58:25","modified_gmt":"2020-09-14T21:58:25","slug":"2020-06-06-corona-demo-in-aalen","status":"publish","type":"post","link":"http:\/\/stephan-live.de\/?p=170","title":{"rendered":"2020.06.06 Corona Demo in Aalen"},"content":{"rendered":"<p>Trotz schlechtem Wetter wurde die Veranstaltung gut besucht von jung und alt dabei schenkten sie den Vortrags Redner sehr viel Beifall.<\/p>\n<p>Der erste Vortrag kam von Dagmar Wilss, Lehrerin GS: \u201eHurra, die Schulen \u00f6ffnen nach 14 Wochen Isolation! Aber WIE? Mit Einschr\u00e4nkungen, Reglementierungen, Unsicherheiten. Und Folgen? \u201c<\/p>\n<p>Es folgte der Vortrag und Gespr\u00e4ch mit Dr. med. Jens Edrich: &#8222;Warum wir als Grundlage f\u00fcr eine freie Gesellschaft auch eine freie Anschauungs- und Meinungsbildung brauchen. Oder: Warum niemand die Interpretationshoheit zur Corona Krise alleine haben kann\u201c.<\/p>\n<p><iframe loading=\"lazy\" title=\"20200606 Corona Demo Aalen Dr Edrich\" width=\"525\" height=\"295\" src=\"https:\/\/www.youtube.com\/embed\/bjnLFnoTKAc?feature=oembed\" frameborder=\"0\" allow=\"accelerometer; autoplay; encrypted-media; gyroscope; picture-in-picture\" allowfullscreen><\/iframe><\/p>\n<p>Vortrag von Herrn Dr. Edrich als pdf.\u00a0 <a href=\"http:\/\/stephan-live.de\/wp-content\/uploads\/2020\/06\/Corona-Kundgebung-Aalen-6.6.2020-1.pdf\"><img loading=\"lazy\" class=\"wp-image-198 alignnone\" src=\"http:\/\/stephan-live.de\/wp-content\/uploads\/2020\/06\/pdf.png\" alt=\"\" width=\"26\" height=\"26\" srcset=\"http:\/\/stephan-live.de\/wp-content\/uploads\/2020\/06\/pdf.png 225w, http:\/\/stephan-live.de\/wp-content\/uploads\/2020\/06\/pdf-150x150.png 150w, http:\/\/stephan-live.de\/wp-content\/uploads\/2020\/06\/pdf-100x100.png 100w\" sizes=\"(max-width: 26px) 100vw, 26px\" \/><\/a><\/p>\n<p><strong style=\"font-size: 1rem;\">Im Anschluss kamen mehrer Wortme<\/strong><strong style=\"font-size: 1rem;\">ldungen von den Demonstranten.<\/strong><\/p>\n<p><iframe loading=\"lazy\" title=\"20200606 161418 Wortmeldung Remonstrationspflicht\" width=\"525\" height=\"295\" src=\"https:\/\/www.youtube.com\/embed\/O9o7D6qk1Fc?feature=oembed\" frameborder=\"0\" allow=\"accelerometer; autoplay; encrypted-media; gyroscope; picture-in-picture\" allowfullscreen><\/iframe><\/p>\n<p><b>Remonstrationspflicht<\/b>. Hierunter wird die Pflicht des Beamten verstanden, Bedenken gegen die Rechtm\u00e4\u00dfigkeit dienstlicher Anordnungen unverz\u00fcglich bei dem unmittelbaren Vorgesetzten geltend zu machen. F\u00fcr Bundesbeamtinnen und Bundesbeamte ist diese in \u00a7 63 BBG geregelt.<\/p>\n<p>&nbsp;<\/p>\n<p><iframe loading=\"lazy\" title=\"20200606 Wortmeldung Man muss immer zwei Seiten sehen\" width=\"525\" height=\"295\" src=\"https:\/\/www.youtube.com\/embed\/R7DlT52k1Cg?feature=oembed\" frameborder=\"0\" allow=\"accelerometer; autoplay; encrypted-media; gyroscope; picture-in-picture\" allowfullscreen><\/iframe><\/p>\n<p><iframe loading=\"lazy\" title=\"20200606 Wortmeldung: Politiker haben Angst vor Virus\" width=\"525\" height=\"295\" src=\"https:\/\/www.youtube.com\/embed\/PNfRjT917VQ?feature=oembed\" frameborder=\"0\" allow=\"accelerometer; autoplay; encrypted-media; gyroscope; picture-in-picture\" allowfullscreen><\/iframe><\/p>\n<p><iframe loading=\"lazy\" title=\"20200606 Wortmeldung Demo GD und Geb\u00e4rdendolmetscherin\" width=\"525\" height=\"295\" src=\"https:\/\/www.youtube.com\/embed\/O0D3B4ghrSQ?feature=oembed\" frameborder=\"0\" allow=\"accelerometer; autoplay; encrypted-media; gyroscope; picture-in-picture\" allowfullscreen><\/iframe><\/p>\n<p><iframe loading=\"lazy\" title=\"20200606 Wortmeldung Zust\u00e4nde wie in der DDR\" width=\"525\" height=\"295\" src=\"https:\/\/www.youtube.com\/embed\/fKWPyWFTyEE?feature=oembed\" frameborder=\"0\" allow=\"accelerometer; autoplay; encrypted-media; gyroscope; picture-in-picture\" allowfullscreen><\/iframe><\/p>\n<p>Quelle: <a href=\"http:\/\/stephan-live.de\/\">stephan-live\/StS<\/a><\/p>\n","protected":false},"excerpt":{"rendered":"<p>Trotz schlechtem Wetter wurde die Veranstaltung gut besucht von jung und alt dabei schenkten sie den Vortrags Redner sehr viel Beifall. Der erste Vortrag kam von Dagmar Wilss, Lehrerin GS: \u201eHurra, die Schulen \u00f6ffnen nach 14 Wochen Isolation! Aber WIE? Mit Einschr\u00e4nkungen, Reglementierungen, Unsicherheiten. Und Folgen? \u201c Es folgte der Vortrag und Gespr\u00e4ch mit Dr. &hellip; <\/p>\n<p class=\"link-more\"><a href=\"http:\/\/stephan-live.de\/?p=170\" class=\"more-link\"><span class=\"screen-reader-text\">\u201e2020.06.06 Corona Demo in Aalen\u201c<\/span> weiterlesen<\/a><\/p>\n","protected":false},"author":1,"featured_media":0,"comment_status":"open","ping_status":"open","sticky":false,"template":"","format":"standard","meta":[],"categories":[6,1],"tags":[],"_links":{"self":[{"href":"http:\/\/stephan-live.de\/index.php?rest_route=\/wp\/v2\/posts\/170"}],"collection":[{"href":"http:\/\/stephan-live.de\/index.php?rest_route=\/wp\/v2\/posts"}],"about":[{"href":"http:\/\/stephan-live.de\/index.php?rest_route=\/wp\/v2\/types\/post"}],"author":[{"embeddable":true,"href":"http:\/\/stephan-live.de\/index.php?rest_route=\/wp\/v2\/users\/1"}],"replies":[{"embeddable":true,"href":"http:\/\/stephan-live.de\/index.php?rest_route=%2Fwp%2Fv2%2Fcomments&post=170"}],"version-history":[{"count":10,"href":"http:\/\/stephan-live.de\/index.php?rest_route=\/wp\/v2\/posts\/170\/revisions"}],"predecessor-version":[{"id":200,"href":"http:\/\/stephan-live.de\/index.php?rest_route=\/wp\/v2\/posts\/170\/revisions\/200"}],"wp:attachment":[{"href":"http:\/\/stephan-live.de\/index.php?rest_route=%2Fwp%2Fv2%2Fmedia&parent=170"}],"wp:term":[{"taxonomy":"category","embeddable":true,"href":"http:\/\/stephan-live.de\/index.php?rest_route=%2Fwp%2Fv2%2Fcategories&post=170"},{"taxonomy":"post_tag","embeddable":true,"href":"http:\/\/stephan-live.de\/index.php?rest_route=%2Fwp%2Fv2%2Ftags&post=170"}],"curies":[{"name":"wp","href":"https:\/\/api.w.org\/{rel}","templated":true}]}}