{"id":1876,"date":"2021-01-13T18:01:39","date_gmt":"2021-01-13T18:01:39","guid":{"rendered":"http:\/\/stephan-live.de\/?p=1876"},"modified":"2021-01-13T18:01:39","modified_gmt":"2021-01-13T18:01:39","slug":"soeder-radikalisiert-sich","status":"publish","type":"post","link":"http:\/\/stephan-live.de\/?p=1876","title":{"rendered":"S\u00d6DER RADIKALISIERT SICH"},"content":{"rendered":"<h1>Problemb\u00e4r Markus S\u00f6der | Von Batseba N\u2019Diaye und Anselm Lenz<\/h1>\n<p><a href=\"https:\/\/kenfm.de\/problembaer-markus-soeder-von-batseba-ndiaye-und-anselm-lenz\/\"><img loading=\"lazy\" class=\"alignnone  wp-image-1877\" src=\"http:\/\/stephan-live.de\/wp-content\/uploads\/2021\/01\/Soeder1-300x150.jpg\" alt=\"\" width=\"606\" height=\"303\" srcset=\"http:\/\/stephan-live.de\/wp-content\/uploads\/2021\/01\/Soeder1-300x150.jpg 300w, http:\/\/stephan-live.de\/wp-content\/uploads\/2021\/01\/Soeder1-1024x511.jpg 1024w, http:\/\/stephan-live.de\/wp-content\/uploads\/2021\/01\/Soeder1-768x383.jpg 768w, http:\/\/stephan-live.de\/wp-content\/uploads\/2021\/01\/Soeder1.jpg 1046w\" sizes=\"(max-width: 606px) 100vw, 606px\" \/><\/a><\/p>\n<p>Quelle:\u00a0 <a href=\"https:\/\/kenfm.de\/problembaer-markus-soeder-von-batseba-ndiaye-und-anselm-lenz\/\">https:\/\/kenfm.de<\/a><\/p>\n","protected":false},"excerpt":{"rendered":"<p>Problemb\u00e4r Markus S\u00f6der | Von Batseba N\u2019Diaye und Anselm Lenz Quelle:\u00a0 https:\/\/kenfm.de<\/p>\n","protected":false},"author":1,"featured_media":0,"comment_status":"closed","ping_status":"open","sticky":false,"template":"","format":"standard","meta":[],"categories":[9,10],"tags":[],"_links":{"self":[{"href":"http:\/\/stephan-live.de\/index.php?rest_route=\/wp\/v2\/posts\/1876"}],"collection":[{"href":"http:\/\/stephan-live.de\/index.php?rest_route=\/wp\/v2\/posts"}],"about":[{"href":"http:\/\/stephan-live.de\/index.php?rest_route=\/wp\/v2\/types\/post"}],"author":[{"embeddable":true,"href":"http:\/\/stephan-live.de\/index.php?rest_route=\/wp\/v2\/users\/1"}],"replies":[{"embeddable":true,"href":"http:\/\/stephan-live.de\/index.php?rest_route=%2Fwp%2Fv2%2Fcomments&post=1876"}],"version-history":[{"count":1,"href":"http:\/\/stephan-live.de\/index.php?rest_route=\/wp\/v2\/posts\/1876\/revisions"}],"predecessor-version":[{"id":1878,"href":"http:\/\/stephan-live.de\/index.php?rest_route=\/wp\/v2\/posts\/1876\/revisions\/1878"}],"wp:attachment":[{"href":"http:\/\/stephan-live.de\/index.php?rest_route=%2Fwp%2Fv2%2Fmedia&parent=1876"}],"wp:term":[{"taxonomy":"category","embeddable":true,"href":"http:\/\/stephan-live.de\/index.php?rest_route=%2Fwp%2Fv2%2Fcategories&post=1876"},{"taxonomy":"post_tag","embeddable":true,"href":"http:\/\/stephan-live.de\/index.php?rest_route=%2Fwp%2Fv2%2Ftags&post=1876"}],"curies":[{"name":"wp","href":"https:\/\/api.w.org\/{rel}","templated":true}]}}