{"id":2199,"date":"2021-08-02T18:48:02","date_gmt":"2021-08-02T18:48:02","guid":{"rendered":"http:\/\/stephan-live.de\/?p=2199"},"modified":"2021-08-02T18:53:02","modified_gmt":"2021-08-02T18:53:02","slug":"polizeigewalt-erster-tote-soll-verheimlicht-werden","status":"publish","type":"post","link":"http:\/\/stephan-live.de\/?p=2199","title":{"rendered":"Polizeigewalt &#8211; Erster Tote soll verheimlicht werden &#8230;"},"content":{"rendered":"<p>Freunde und Helfer sollten sie sein. Aus dem Beruf &#8211; so interessant wie das Leben &#8211; k\u00f6nnen durch Indoktrination der Leitungsstellen schnell Erf\u00fcllungsgehilfen eines totalit\u00e4ren Regimes werden.<\/p>\n<p>Informationen wo verst\u00e4rkt Polizeigewalt stattfindet sieht man\u00a0 nicht in der Propagandamedien. Berichte dar\u00fcber findet man unter <a href=\"https:\/\/t.me\/Polizeigewalt\">https:\/\/t.me\/Polizeigewalt<\/a><\/p>\n<p><a href=\"https:\/\/t.me\/Polizeigewalt\"><img loading=\"lazy\" class=\"alignnone  wp-image-2200\" src=\"http:\/\/stephan-live.de\/wp-content\/uploads\/2021\/08\/1_Todesopfer-179x300.jpg\" alt=\"\" width=\"297\" height=\"498\" srcset=\"http:\/\/stephan-live.de\/wp-content\/uploads\/2021\/08\/1_Todesopfer-179x300.jpg 179w, http:\/\/stephan-live.de\/wp-content\/uploads\/2021\/08\/1_Todesopfer-612x1024.jpg 612w, http:\/\/stephan-live.de\/wp-content\/uploads\/2021\/08\/1_Todesopfer.jpg 765w\" sizes=\"(max-width: 297px) 100vw, 297px\" \/><\/a><br \/>\nSascha. Das 1. Todesopfer des Anti ReGIERungs- und Corona Protestes. Sascha am letzten Abend vor seinem Tod in Berlin am 01.08.2021. Das Foto ist keine 48 Stunden alt. Du wirst nicht vergessen werden.<\/p>\n<p>Sascha war Mitbegr\u00fcnder der Partei &#8222;Die Basis&#8220; und im Widerstand.<\/p>\n<p>Ruhe in Frieden Sascha<br \/>\nDeiner Familie und Freunden alles Liebe \u2764\ufe0f<\/p>\n","protected":false},"excerpt":{"rendered":"<p>Freunde und Helfer sollten sie sein. Aus dem Beruf &#8211; so interessant wie das Leben &#8211; k\u00f6nnen durch Indoktrination der Leitungsstellen schnell Erf\u00fcllungsgehilfen eines totalit\u00e4ren Regimes werden. Informationen wo verst\u00e4rkt Polizeigewalt stattfindet sieht man\u00a0 nicht in der Propagandamedien. Berichte dar\u00fcber findet man unter https:\/\/t.me\/Polizeigewalt Sascha. Das 1. Todesopfer des Anti ReGIERungs- und Corona Protestes. Sascha &hellip; <\/p>\n<p class=\"link-more\"><a href=\"http:\/\/stephan-live.de\/?p=2199\" class=\"more-link\"><span class=\"screen-reader-text\">\u201ePolizeigewalt &#8211; Erster Tote soll verheimlicht werden &#8230;\u201c<\/span> weiterlesen<\/a><\/p>\n","protected":false},"author":1,"featured_media":0,"comment_status":"closed","ping_status":"open","sticky":false,"template":"","format":"standard","meta":[],"categories":[9,10,21,8,1,16,12],"tags":[],"_links":{"self":[{"href":"http:\/\/stephan-live.de\/index.php?rest_route=\/wp\/v2\/posts\/2199"}],"collection":[{"href":"http:\/\/stephan-live.de\/index.php?rest_route=\/wp\/v2\/posts"}],"about":[{"href":"http:\/\/stephan-live.de\/index.php?rest_route=\/wp\/v2\/types\/post"}],"author":[{"embeddable":true,"href":"http:\/\/stephan-live.de\/index.php?rest_route=\/wp\/v2\/users\/1"}],"replies":[{"embeddable":true,"href":"http:\/\/stephan-live.de\/index.php?rest_route=%2Fwp%2Fv2%2Fcomments&post=2199"}],"version-history":[{"count":4,"href":"http:\/\/stephan-live.de\/index.php?rest_route=\/wp\/v2\/posts\/2199\/revisions"}],"predecessor-version":[{"id":2204,"href":"http:\/\/stephan-live.de\/index.php?rest_route=\/wp\/v2\/posts\/2199\/revisions\/2204"}],"wp:attachment":[{"href":"http:\/\/stephan-live.de\/index.php?rest_route=%2Fwp%2Fv2%2Fmedia&parent=2199"}],"wp:term":[{"taxonomy":"category","embeddable":true,"href":"http:\/\/stephan-live.de\/index.php?rest_route=%2Fwp%2Fv2%2Fcategories&post=2199"},{"taxonomy":"post_tag","embeddable":true,"href":"http:\/\/stephan-live.de\/index.php?rest_route=%2Fwp%2Fv2%2Ftags&post=2199"}],"curies":[{"name":"wp","href":"https:\/\/api.w.org\/{rel}","templated":true}]}}