{"id":2406,"date":"2021-10-06T16:51:21","date_gmt":"2021-10-06T16:51:21","guid":{"rendered":"http:\/\/stephan-live.de\/?p=2406"},"modified":"2021-10-06T16:51:21","modified_gmt":"2021-10-06T16:51:21","slug":"soeders-wegsperren-der-bayern-war-rechtswidrig","status":"publish","type":"post","link":"http:\/\/stephan-live.de\/?p=2406","title":{"rendered":"S\u00f6ders Wegsperren der Bayern war rechtswidrig"},"content":{"rendered":"<header class=\"c-content-container\" data-qa=\"Article.Header\">\n<div class=\"c-container c-container--is-stacked\">\n<div class=\"o-text c-summary \" data-qa=\"Article.summary\">\n<div class=\"c-summary__intro\" data-qa=\"Article.Intro\">Der Bayerische Verwaltungsgerichtshof erkl\u00e4rt die von Bayerns Staatsregierung im M\u00e4rz 2020 verh\u00e4ngte Ausgangssperre f\u00fcr unwirksam. Die Richter bescheinigen S\u00f6ders Regierung ein fragw\u00fcrdiges Menschenbild. Der Beschluss belegt aber auch eine w\u00fcnschenswerte Entwicklung.<\/div>\n<\/div>\n<\/div>\n<\/header>\n<div class=\"c-container c-container--is-stacked\" data-qa=\"Social\">\n<div class=\"c-social-bar c-social-bar--is-sticky\" data-component=\"StickySocialBar\" data-qa=\"SocialBar\" data-sticky-class=\"c-social-bar--is-sticky\" data-sticky-animation-in-style-class=\"c-social-bar--has-fade-in\" data-sticky-animation-out-style-class=\"c-social-bar--has-fade-out\" data-socialbar-inactive-class=\"c-social-bar__icon-link--is-inactive\" data-component-sticky-social-bar-initialized=\"true\">\n<div class=\"c-social-bar__sharing\"><\/div>\n<\/div>\n<\/div>\n<div data-premium-content-loader-id=\"article-234231086\" data-qa=\"Article.PremiumContent\">\n<div class=\"c-article-text c-content-container __margin-bottom--is-0 u-position--is-relative\">\n<p><span class=\"c-article-text__drop-cap\">N<\/span>ach eineinhalb Jahren der Pandemie stehen in den kommenden Wochen und Monaten Hauptsache-Entscheidungen zu den Corona-Ma\u00dfnahmen an. Am Montag zum Beispiel bekam ein Kl\u00e4ger aus Bayern, der sich gegen die im M\u00e4rz 2020 von der Staatsregierung in M\u00fcnchen erlassene Ausgangsbeschr\u00e4nkung gewehrt hatte, einen Beschluss des Bayerischen Verwaltungsgerichtshofs zugestellt.<\/p>\n<\/div>\n<\/div>\n<p>Quelle:\u00a0\u00a0<a href=\"https:\/\/www.welt.de\/politik\/deutschland\/plus234231086\/Corona-Soeders-Wegsperren-der-Bayern-war-rechtswidrig.html\">https:\/\/www.welt.de\/politik\/deutschland\/plus234231086\/Corona-Soeders-Wegsperren-der-Bayern-war-rechtswidrig.html<\/a><\/p>\n<p>&nbsp;<\/p>\n","protected":false},"excerpt":{"rendered":"<p>Der Bayerische Verwaltungsgerichtshof erkl\u00e4rt die von Bayerns Staatsregierung im M\u00e4rz 2020 verh\u00e4ngte Ausgangssperre f\u00fcr unwirksam. Die Richter bescheinigen S\u00f6ders Regierung ein fragw\u00fcrdiges Menschenbild. Der Beschluss belegt aber auch eine w\u00fcnschenswerte Entwicklung. Nach eineinhalb Jahren der Pandemie stehen in den kommenden Wochen und Monaten Hauptsache-Entscheidungen zu den Corona-Ma\u00dfnahmen an. Am Montag zum Beispiel bekam ein Kl\u00e4ger &hellip; <\/p>\n<p class=\"link-more\"><a href=\"http:\/\/stephan-live.de\/?p=2406\" class=\"more-link\"><span class=\"screen-reader-text\">\u201eS\u00f6ders Wegsperren der Bayern war rechtswidrig\u201c<\/span> weiterlesen<\/a><\/p>\n","protected":false},"author":1,"featured_media":0,"comment_status":"closed","ping_status":"open","sticky":false,"template":"","format":"standard","meta":[],"categories":[10,23,22,8,1,16],"tags":[],"_links":{"self":[{"href":"http:\/\/stephan-live.de\/index.php?rest_route=\/wp\/v2\/posts\/2406"}],"collection":[{"href":"http:\/\/stephan-live.de\/index.php?rest_route=\/wp\/v2\/posts"}],"about":[{"href":"http:\/\/stephan-live.de\/index.php?rest_route=\/wp\/v2\/types\/post"}],"author":[{"embeddable":true,"href":"http:\/\/stephan-live.de\/index.php?rest_route=\/wp\/v2\/users\/1"}],"replies":[{"embeddable":true,"href":"http:\/\/stephan-live.de\/index.php?rest_route=%2Fwp%2Fv2%2Fcomments&post=2406"}],"version-history":[{"count":1,"href":"http:\/\/stephan-live.de\/index.php?rest_route=\/wp\/v2\/posts\/2406\/revisions"}],"predecessor-version":[{"id":2407,"href":"http:\/\/stephan-live.de\/index.php?rest_route=\/wp\/v2\/posts\/2406\/revisions\/2407"}],"wp:attachment":[{"href":"http:\/\/stephan-live.de\/index.php?rest_route=%2Fwp%2Fv2%2Fmedia&parent=2406"}],"wp:term":[{"taxonomy":"category","embeddable":true,"href":"http:\/\/stephan-live.de\/index.php?rest_route=%2Fwp%2Fv2%2Fcategories&post=2406"},{"taxonomy":"post_tag","embeddable":true,"href":"http:\/\/stephan-live.de\/index.php?rest_route=%2Fwp%2Fv2%2Ftags&post=2406"}],"curies":[{"name":"wp","href":"https:\/\/api.w.org\/{rel}","templated":true}]}}