{"id":2464,"date":"2021-11-03T18:42:44","date_gmt":"2021-11-03T18:42:44","guid":{"rendered":"http:\/\/stephan-live.de\/?p=2464"},"modified":"2021-11-03T18:42:44","modified_gmt":"2021-11-03T18:42:44","slug":"intensivbetten-entwicklung-in-baden-wuerttemberg","status":"publish","type":"post","link":"http:\/\/stephan-live.de\/?p=2464","title":{"rendered":"Intensivbetten-Entwicklung in Baden-W\u00fcrttemberg"},"content":{"rendered":"<p><img loading=\"lazy\" class=\"alignnone  wp-image-2465\" src=\"http:\/\/stephan-live.de\/wp-content\/uploads\/2021\/11\/Bettenauslastung_photo_2021-11-02_23-54-15-300x155.jpg\" alt=\"\" width=\"613\" height=\"317\" srcset=\"http:\/\/stephan-live.de\/wp-content\/uploads\/2021\/11\/Bettenauslastung_photo_2021-11-02_23-54-15-300x155.jpg 300w, http:\/\/stephan-live.de\/wp-content\/uploads\/2021\/11\/Bettenauslastung_photo_2021-11-02_23-54-15-1024x529.jpg 1024w, http:\/\/stephan-live.de\/wp-content\/uploads\/2021\/11\/Bettenauslastung_photo_2021-11-02_23-54-15-768x397.jpg 768w, http:\/\/stephan-live.de\/wp-content\/uploads\/2021\/11\/Bettenauslastung_photo_2021-11-02_23-54-15.jpg 1278w\" sizes=\"(max-width: 613px) 100vw, 613px\" \/><\/p>\n<p>Intensivbetten-Entwicklung in Baden-W\u00fcrttemberg<\/p>\n<p>In Baden-W\u00fcrttemberg tritt ab dem 3.11.2021 ein erster Teil-Lockdown f\u00fcr Ungeimpfte in Kraft. [1]<\/p>\n<p>Politischer Grund: Es wurden an zwei Werktagen in Folge mehr als 250 Covid-Intensivpatienten registriert.<\/p>\n<p>Hier einige Zahlen des DIVI-Intensivregisters [2], um diese Ma\u00dfnahme einzuordnen.<\/p>\n<p>Abgebaute Intensivbetten in Baden-W\u00fcrttemberg:<br \/>\n\u2022 174 Intensivbetten seit 1. Mai 2021<br \/>\n\u2022 649 Intensivbetten seit 1. September 2020<br \/>\n\u2022 1.061 Intensivbetten seit Gr\u00fcndung des Intensivregisters<\/p>\n<p>Im Ergebnis verf\u00fcgt Baden-W\u00fcrttemberg im Mittel der letzten Woche \u00fcber die niedrigste Intensivbettenkapazit\u00e4t seit Beginn der Pandemie.<\/p>\n<p>Pandemie des Bettenabbaus?<\/p>\n<p>Quelle \/ Daten online:<br \/>\n<a href=\"http:\/\/www.intensivstationen.net\/\">http:\/\/www.intensivstationen.net\/<\/a><\/p>\n<p>[1] <a href=\"https:\/\/www.swr.de\/swraktuell\/baden-wuerttemberg\/corona-warnstufe-strengere-regeln-100.html\">https:\/\/www.swr.de\/swraktuell\/baden-wuerttemberg\/corona-warnstufe-strengere-regeln-100.html<\/a><br \/>\n[2] <a href=\"https:\/\/www.divi.de\/divi-intensivregister-tagesreport-archiv-csv\/viewdocument\/6071\/divi-intensivregister-2021-11-02-12-15\">https:\/\/www.divi.de\/divi-intensivregister-tagesreport-archiv-csv\/viewdocument\/6071\/divi-intensivregister-2021-11-02-12-15<\/a><\/p>\n<p><a href=\"https:\/\/t.me\/AnalyseSterbedatenDeutschland\">@AnalyseSterbedatenDeutschland<\/a><\/p>\n","protected":false},"excerpt":{"rendered":"<p>Intensivbetten-Entwicklung in Baden-W\u00fcrttemberg In Baden-W\u00fcrttemberg tritt ab dem 3.11.2021 ein erster Teil-Lockdown f\u00fcr Ungeimpfte in Kraft. [1] Politischer Grund: Es wurden an zwei Werktagen in Folge mehr als 250 Covid-Intensivpatienten registriert. Hier einige Zahlen des DIVI-Intensivregisters [2], um diese Ma\u00dfnahme einzuordnen. Abgebaute Intensivbetten in Baden-W\u00fcrttemberg: \u2022 174 Intensivbetten seit 1. Mai 2021 \u2022 649 Intensivbetten &hellip; <\/p>\n<p class=\"link-more\"><a href=\"http:\/\/stephan-live.de\/?p=2464\" class=\"more-link\"><span class=\"screen-reader-text\">\u201eIntensivbetten-Entwicklung in Baden-W\u00fcrttemberg\u201c<\/span> weiterlesen<\/a><\/p>\n","protected":false},"author":1,"featured_media":0,"comment_status":"closed","ping_status":"open","sticky":false,"template":"","format":"standard","meta":[],"categories":[10,8,1,16],"tags":[],"_links":{"self":[{"href":"http:\/\/stephan-live.de\/index.php?rest_route=\/wp\/v2\/posts\/2464"}],"collection":[{"href":"http:\/\/stephan-live.de\/index.php?rest_route=\/wp\/v2\/posts"}],"about":[{"href":"http:\/\/stephan-live.de\/index.php?rest_route=\/wp\/v2\/types\/post"}],"author":[{"embeddable":true,"href":"http:\/\/stephan-live.de\/index.php?rest_route=\/wp\/v2\/users\/1"}],"replies":[{"embeddable":true,"href":"http:\/\/stephan-live.de\/index.php?rest_route=%2Fwp%2Fv2%2Fcomments&post=2464"}],"version-history":[{"count":1,"href":"http:\/\/stephan-live.de\/index.php?rest_route=\/wp\/v2\/posts\/2464\/revisions"}],"predecessor-version":[{"id":2466,"href":"http:\/\/stephan-live.de\/index.php?rest_route=\/wp\/v2\/posts\/2464\/revisions\/2466"}],"wp:attachment":[{"href":"http:\/\/stephan-live.de\/index.php?rest_route=%2Fwp%2Fv2%2Fmedia&parent=2464"}],"wp:term":[{"taxonomy":"category","embeddable":true,"href":"http:\/\/stephan-live.de\/index.php?rest_route=%2Fwp%2Fv2%2Fcategories&post=2464"},{"taxonomy":"post_tag","embeddable":true,"href":"http:\/\/stephan-live.de\/index.php?rest_route=%2Fwp%2Fv2%2Ftags&post=2464"}],"curies":[{"name":"wp","href":"https:\/\/api.w.org\/{rel}","templated":true}]}}